{"id":6185,"date":"2024-06-24T18:59:52","date_gmt":"2024-06-24T18:59:52","guid":{"rendered":"https:\/\/citizen-entrepreneurs.com\/?p=6185"},"modified":"2024-11-05T13:23:04","modified_gmt":"2024-11-05T13:23:04","slug":"citizen-entrepreneurs-annonce-la-delegation-francaise-du-prochain-g20-des-jeunes-entrepreneurs-a-new-delhi-2-3-2-2","status":"publish","type":"post","link":"https:\/\/citizen-entrepreneurs.com\/index.php\/2024\/06\/24\/citizen-entrepreneurs-annonce-la-delegation-francaise-du-prochain-g20-des-jeunes-entrepreneurs-a-new-delhi-2-3-2-2\/","title":{"rendered":"La D\u00e9l\u00e9gation fran\u00e7aise G20 YEA 2024"},"content":{"rendered":"<p>&nbsp;<\/p>\n<p>L\u2019association Citizen Entrepreneurs a l\u2019immense plaisir de vous pr\u00e9senter les 16 p\u00e9pites de entrepreneuriat, membres de la D\u00e9l\u00e9gation qui a repr\u00e9sent\u00e9 la France au Sommet G20 (YEA) des Entrepreneurs\u00a02024, du 10 au 14 juin 2024, \u00e0 Goi\u00e2nia au Br\u00e9sil, autour de la th\u00e9matique \u00ab\u00a0Building a juste world and a sustainable planet\u00a0\u00bb, parmi plus de 400\u00a0 entrepreneurs ses pays du G20.<\/p>\n<p>La Young Entrepreneurs\u2019 Alliance (G20 YEA) est un r\u00e9seau mondial d\u2019associations d\u2019entrepreneurs, qui organise chaque ann\u00e9e en amont et dans le pays h\u00f4te du G20 politique, le G20 des Entrepreneurs (G20 YEA). LE point de rencontre de start-ups \u00e0 fort potentiel et de TPE, PME et ETI leaders sur leur march\u00e9 en France et \u00e0 l\u2019international\u00a0!<\/p>\n<p>Citizen Entrepreneurs en tant que repr\u00e9sentant officiel de la France, est charg\u00e9 de constituer et de pilote la D\u00e9l\u00e9gation Tricolore<\/p>\n<p>Le 14 mai dernier, les membres du jury compos\u00e9 de personnalit\u00e9s de l\u2019\u00e9cosyst\u00e8me entrepreneurial, sous la pr\u00e9sidence de Clara Chappaz, Directrice de la Mission French Tech, ont d\u00e9partag\u00e9 les entrepreneurs selon plusieurs crit\u00e8res\u00a0: la date de cr\u00e9ation de l\u2019entreprise, une rentabilit\u00e9 d\u00e9j\u00e0 d\u00e9montr\u00e9e ou sur le point de l\u2019\u00eatre, une volont\u00e9 de d\u00e9velopper ses activit\u00e9s \u00e0 l\u2019international, un engagement RSE fort et une motivation \u00e0 \u00e9laborer des recommandations qui seront soumises au Gouvernement fran\u00e7ais post Sommet du G20 YEA\u00a02024, en faveur de l\u2019essor des entreprises et d\u2019une croissance durable au service du bien commun, renouvelant ainsi leur implication au niveau social, soci\u00e9tal et environnemental.<\/p>\n<p>Cette d\u00e9l\u00e9gation fran\u00e7aise repr\u00e9sente l\u2019\u00e9cosyst\u00e8me entrepreneurial fran\u00e7ais dans sa diversit\u00e9, ses secteurs d\u2019activit\u00e9 vari\u00e9s (industrie, IT, sant\u00e9, fintech, transport, logistique, e-commerce, services\u2026) et les stades de maturit\u00e9 des entreprises s\u00e9lectionn\u00e9es.<\/p>\n<p>Elle est compos\u00e9e de 16 entrepreneurs\u00a0:<\/p>\n<p><span style=\"color: #ff0000;\">La Pr\u00e9sidente\u00a0: <\/span><\/p>\n<p><span style=\"color: #333399;\"><strong>Areeba Rehman<\/strong><\/span> est pr\u00e9sidente de Citizen Entrepreneurs depuis 2020 et Pr\u00e9sidente Fondatrice FretBay \/ MyBoxMan<\/p>\n<p><a href=\"https:\/\/fretbay.com\/fr\/\">Fretbay<\/a> cr\u00e9\u00e9 en 2008, est la 1re place de march\u00e9 de transport et de d\u00e9m\u00e9nagement \u00e0 prix imbattables. Cette plateforme technologique met en relation les personnes souhaitant d\u00e9m\u00e9nager ou faire livrer un colis volumineux avec un r\u00e9seau de plus de 8000 transporteurs professionnels agr\u00e9\u00e9s tout en optimisant les places disponibles des camions \u00e0 vide ou \u00e0 moiti\u00e9 remplis.<\/p>\n<p>Myboxman est une application technologique de livraison du dernier kilom\u00e8tre<\/p>\n<p><span style=\"color: #ff0000;\"><strong>Le Sherpa : <\/strong><\/span><\/p>\n<ul>\n<li><strong><span style=\"color: #333399;\">EXPENSYA (Karim JOUINI, CEO)<\/span>. <\/strong><a href=\"https:\/\/www.expensya.com\/fr\/\">Expensya<\/a>, expert IA de la gestion des notes de frais &#8211; part du groupe Medius, Office of the CFO. Karim a d\u00e9j\u00e0 3 G20 YEA \u00e0 son actif (Japon, Argentine, Allemagne). Il pourra ainsi partager son exp\u00e9rience et guider les autres membres de la D\u00e9l\u00e9gation.<\/li>\n<\/ul>\n<p><span style=\"color: #ff0000;\"><strong>Les Advisors: <\/strong><\/span><\/p>\n<ul>\n<li><strong><span style=\"color: #333399;\">AMEXIO (Xavier Morcillo, Pr\u00e9sident Fondateur)<\/span>. <\/strong><a href=\"https:\/\/www.amexio.fr\/en\/home\/\">Amexio<\/a> est un int\u00e9grateur Pan-Europ\u00e9en sp\u00e9cialis\u00e9 en ECM, CCM, SCM &amp; CXM.<\/li>\n<li><strong><span style=\"color: #333399;\">STRADA (Xavier LEBEAULT, Pr\u00e9sident et CEO)<\/span>. <\/strong>Depuis 1993, une seule mission, optimiser la gestion de votre activit\u00e9 transport routier de marchandises et\/ou de passagers (compte propre et compte d&#8217;autrui) et maximiser votre satisfaction. Digitalisez votre activit\u00e9 et le suivi de vos actifs avec <a href=\"https:\/\/www.stradaworld.com\/\">Strada<\/a>.<\/li>\n<\/ul>\n<p><span style=\"color: #ff6600;\"><strong>Les Membres : <\/strong><\/span><\/p>\n<ul>\n<li><strong><span style=\"color: #333399;\">AKIO (Patrick GIUDICELLI, Pr\u00e9sident-Fondateur)<\/span>. <\/strong><a href=\"https:\/\/www.akio.com\/fr\/\">Akio<\/a> \u00e9dite Akio.cx, une suite logicielle innovante de gestion des interactions multicanales (CCaaS), pour assister le conseiller ou collaborateur \u00e0 mieux r\u00e9pondre, en s\u2019appuyant sur des technologies intelligentes (IA) et collaboratives.<\/li>\n<li><strong><span style=\"color: #333399;\">ARCHIE (Devan AHMED, Fondateur)<\/span>. <\/strong><a href=\"https:\/\/myarchie.co\/\">Archie<\/a> est la 1\u00e8re et seule entreprise fran\u00e7aise qui a r\u00e9ussi \u00e0 int\u00e9grer le quotidien de 100,000 consommateurs avec ses routines uniques au monde autour des bienfaits du vinaigre de cidre : contr\u00f4le des pics de glyc\u00e9mie, digestion &amp; microbiote, peau&#8230;<\/li>\n<li><strong><span style=\"color: #333399;\">AYOMI (Harold ZIME, CEO &amp; Co-fondateur)<\/span>. <\/strong><u><a href=\"https:\/\/ayomi.fr\/\">Ayomi<\/a><\/u> est une solution digitale qui r\u00e9volutionne le financement des entreprises gr\u00e2ce \u00e0 l&#8217;intelligence artificielle. Sa technologie pilote l&#8217;int\u00e9gralit\u00e9 des lev\u00e9es de fonds des entreprises : deck, communication financi\u00e8re, juridique&#8230; et facilite l&#8217;identification des investisseurs.<\/li>\n<li><strong><span style=\"color: #333399;\">BAE INNOVATION (Xavier Beaunnol, CEO &amp; Fondateur)<\/span>. <\/strong><a href=\"https:\/\/www.linkedin.com\/company\/bae-innovation\/\">BAE Innovation<\/a> est une start-up qui d\u00e9veloppe le syst\u00e8me BloodOwl, une solution innovante pour le transport de pr\u00e9l\u00e8vements biologiques par drone autonome. Face aux d\u00e9fis de l&#8217;accessibilit\u00e9 aux soins pour les 7,8 millions de Fran\u00e7ais sans laboratoire d&#8217;analyse \u00e0 proximit\u00e9 et les 7 millions de personnes \u00e0 mobilit\u00e9 r\u00e9duite, BloodOwl propose une alternative \u00e9cologique, rapide et \u00e9conomique.<\/li>\n<li><strong><span style=\"color: #333399;\">KAIROS FORTUNA (Aur\u00e9lie Billat Payet, Fondatrice &amp; CEO)<\/span>. <\/strong><a href=\"https:\/\/kairosfortuna.com\/\">Kairos Fortuna<\/a> dessine, construit et livre cl\u00e9 en main des espaces \u00e9co-con\u00e7us (stands, retail, bureaux, \u00e9coles) respectueux de la strat\u00e9gie RSE de clients engag\u00e9s et internationaux. Son Manifeste \u00ab\u00a0designer r\u00e9silient\u00a0\u00bb est port\u00e9 par des ambassadeurs du monde du sport.<\/li>\n<li><strong><span style=\"color: #333399;\">LOGIROAD (Yann GOYAT, Pr\u00e9sident)<\/span>. <\/strong>Logiroad d\u00e9carbone les routes. Sa plateforme Logiroad-Center permet un diagnostic pr\u00e9cis pour \u00e9voluer vers un entretien pr\u00e9ventif de nos routes. Entretien pr\u00e9ventif = moins couteux, moins d&#8217;\u00e9mission de CO2, plus de s\u00e9curit\u00e9 pour les usagers.<\/li>\n<li><strong><span style=\"color: #333399;\">NORAKER (C\u00e9line SAINT-OLIVE, PDG)<\/span>. <\/strong>La mission de <a href=\"https:\/\/noraker.com\/fr\/\">Noraker<\/a> est de r\u00e9g\u00e9n\u00e9rer les tissus osseux, gr\u00e2ce \u00e0 son biomat\u00e9riau, le verre bioactif: il est naturellement d\u00e9grad\u00e9 et stimule les cellules souches pour laisser place \u00e0 l\u2019os.<\/li>\n<li><span style=\"color: #333399;\"><strong>PGT GROUP (Siham Allali, CEO &amp; Fondatrice).<\/strong><\/span> <a href=\"https:\/\/www.pgtgroup.fr\/fr\/\">PGT Group<\/a> est une soci\u00e9t\u00e9 technologique compos\u00e9e de consultants techniques exp\u00e9riment\u00e9s, ax\u00e9s sur le retour sur investissement (ROI) qui aident leurs clients \u00e0 relever les d\u00e9fis de la transition num\u00e9rique. PGT GROUP combine expertise humaine et technologique pour garantir la r\u00e9ussite des projets.<\/li>\n<li><strong><span style=\"color: #333399;\">QUALISOCIAL (Camy PUECH, CEO &amp; Fondateur)<\/span>.<\/strong> <a href=\"https:\/\/www.qualisocial.com\/\">Qualisocial<\/a> L&#8217;humain est le futur, prenons en soin. C&#8217;est la mission de Qualisocial qui agit au plus proche des besoins des individus pour les aider \u00e0 avancer dans la vie. Avec plus de 1000 th\u00e9rapeutes, Qualisocial est leader de la sant\u00e9 mentale en France.<\/li>\n<li><strong><span style=\"color: #333399;\">TROUBLEMAKERS (James HAGGER, CEO &amp; Fondateur)<\/span>. <\/strong>Fond\u00e9 en 2008, <a href=\"https:\/\/troublemakers.tv\/\">TroubleMakers<\/a> est un studio d\u2019animations et une soci\u00e9t\u00e9 de production bas\u00e9s \u00e0 Paris. Nous cr\u00e9ons des images et des mots privil\u00e9giant la narration, le fond ainsi que la forme \u00e0 travers des projets singuliers. Des histoires qui parlent \u00e0 tout le monde, des films honn\u00eates et sinc\u00e8res.<\/li>\n<li><strong><span style=\"color: #333399;\">SCENIUS LAB (Badre-Eddine Zouhir, CEO &amp; co fondateur et Ulas OZILHAN , DG)<\/span>. <\/strong><a href=\"https:\/\/www.scenius-lab.com\/\">Scenius Lab<\/a> connecte les entreprises avec des formateurs. Elle permet de choisir le contenu et l&#8217;expert selon des besoins sp\u00e9cifiques, \u00e9vitant ainsi les solutions standardis\u00e9es pour une exp\u00e9rience enti\u00e8rement personnalis\u00e9e, centr\u00e9e sur les d\u00e9fis quotidiens de chaque entreprise.<\/li>\n<li><strong><span style=\"color: #333399;\">VIVINNOV (H\u00e9l\u00e8ne Mariette, CEO)<\/span>. <\/strong><a href=\"https:\/\/vivinnov.com\/\">Vivinnov<\/a> est une agence d&#8217;accompagnement qui soutient les petites entreprises dans le d\u00e9veloppement de leurs innovations \u00e0 impact. En se concentrant sur la strat\u00e9gie marketing, le d\u00e9veloppement commercial et la recherche de financement, Vivinnov permet aux dirigeants de se focaliser sur leur c\u0153ur de m\u00e9tier.<\/li>\n<\/ul>\n","protected":false},"excerpt":{"rendered":"<p>&nbsp; L\u2019association Citizen Entrepreneurs a l\u2019immense plaisir de vous pr\u00e9senter les 16 p\u00e9pites de entrepreneuriat, membres de la D\u00e9l\u00e9gation qui a repr\u00e9sent\u00e9 la France au Sommet G20 (YEA) des Entrepreneurs\u00a02024, du 10 au 14 juin 2024, \u00e0 Goi\u00e2nia au Br\u00e9sil, autour de la th\u00e9matique \u00ab\u00a0Building a juste world and a sustainable planet\u00a0\u00bb, parmi plus de [&hellip;]<\/p>\n","protected":false},"author":1,"featured_media":6370,"comment_status":"closed","ping_status":"closed","sticky":false,"template":"","format":"standard","meta":{"_acf_changed":false,"footnotes":""},"categories":[10,6],"tags":[],"class_list":["post-6185","post","type-post","status-publish","format-standard","has-post-thumbnail","hentry","category-actualite","category-g20yea"],"acf":[],"yoast_head":"<!-- This site is optimized with the Yoast SEO plugin v27.2 - https:\/\/yoast.com\/product\/yoast-seo-wordpress\/ -->\n<title>La D\u00e9l\u00e9gation fran\u00e7aise G20 YEA 2024 - Citizen-entrepreneurs<\/title>\n<meta name=\"robots\" content=\"index, follow, max-snippet:-1, max-image-preview:large, max-video-preview:-1\" \/>\n<link rel=\"canonical\" href=\"https:\/\/citizen-entrepreneurs.com\/index.php\/2024\/06\/24\/citizen-entrepreneurs-annonce-la-delegation-francaise-du-prochain-g20-des-jeunes-entrepreneurs-a-new-delhi-2-3-2-2\/\" \/>\n<meta property=\"og:locale\" content=\"en_US\" \/>\n<meta property=\"og:type\" content=\"article\" \/>\n<meta property=\"og:title\" content=\"La D\u00e9l\u00e9gation fran\u00e7aise G20 YEA 2024 - Citizen-entrepreneurs\" \/>\n<meta property=\"og:description\" content=\"&nbsp; L\u2019association Citizen Entrepreneurs a l\u2019immense plaisir de vous pr\u00e9senter les 16 p\u00e9pites de entrepreneuriat, membres de la D\u00e9l\u00e9gation qui a repr\u00e9sent\u00e9 la France au Sommet G20 (YEA) des Entrepreneurs\u00a02024, du 10 au 14 juin 2024, \u00e0 Goi\u00e2nia au Br\u00e9sil, autour de la th\u00e9matique \u00ab\u00a0Building a juste world and a sustainable planet\u00a0\u00bb, parmi plus de [&hellip;]\" \/>\n<meta property=\"og:url\" content=\"https:\/\/citizen-entrepreneurs.com\/index.php\/2024\/06\/24\/citizen-entrepreneurs-annonce-la-delegation-francaise-du-prochain-g20-des-jeunes-entrepreneurs-a-new-delhi-2-3-2-2\/\" \/>\n<meta property=\"og:site_name\" content=\"Citizen-entrepreneurs\" \/>\n<meta property=\"article:published_time\" content=\"2024-06-24T18:59:52+00:00\" \/>\n<meta property=\"article:modified_time\" content=\"2024-11-05T13:23:04+00:00\" \/>\n<meta property=\"og:image\" content=\"https:\/\/citizen-entrepreneurs.com\/wp-content\/uploads\/2024\/06\/Jury-14-mai-2024-1.jpeg\" \/>\n\t<meta property=\"og:image:width\" content=\"1600\" \/>\n\t<meta property=\"og:image:height\" content=\"968\" \/>\n\t<meta property=\"og:image:type\" content=\"image\/jpeg\" \/>\n<meta name=\"author\" content=\"admin\" \/>\n<meta name=\"twitter:card\" content=\"summary_large_image\" \/>\n<meta name=\"twitter:label1\" content=\"Written by\" \/>\n\t<meta name=\"twitter:data1\" content=\"admin\" \/>\n\t<meta name=\"twitter:label2\" content=\"Est. reading time\" \/>\n\t<meta name=\"twitter:data2\" content=\"6 minutes\" \/>\n<script type=\"application\/ld+json\" class=\"yoast-schema-graph\">{\"@context\":\"https:\/\/schema.org\",\"@graph\":[{\"@type\":\"Article\",\"@id\":\"https:\/\/citizen-entrepreneurs.com\/index.php\/2024\/06\/24\/citizen-entrepreneurs-annonce-la-delegation-francaise-du-prochain-g20-des-jeunes-entrepreneurs-a-new-delhi-2-3-2-2\/#article\",\"isPartOf\":{\"@id\":\"https:\/\/citizen-entrepreneurs.com\/index.php\/2024\/06\/24\/citizen-entrepreneurs-annonce-la-delegation-francaise-du-prochain-g20-des-jeunes-entrepreneurs-a-new-delhi-2-3-2-2\/\"},\"author\":{\"name\":\"admin\",\"@id\":\"https:\/\/citizen-entrepreneurs.com\/#\/schema\/person\/29031e7c72ed6166129689b09cba02b6\"},\"headline\":\"La D\u00e9l\u00e9gation fran\u00e7aise G20 YEA 2024\",\"datePublished\":\"2024-06-24T18:59:52+00:00\",\"dateModified\":\"2024-11-05T13:23:04+00:00\",\"mainEntityOfPage\":{\"@id\":\"https:\/\/citizen-entrepreneurs.com\/index.php\/2024\/06\/24\/citizen-entrepreneurs-annonce-la-delegation-francaise-du-prochain-g20-des-jeunes-entrepreneurs-a-new-delhi-2-3-2-2\/\"},\"wordCount\":1155,\"image\":{\"@id\":\"https:\/\/citizen-entrepreneurs.com\/index.php\/2024\/06\/24\/citizen-entrepreneurs-annonce-la-delegation-francaise-du-prochain-g20-des-jeunes-entrepreneurs-a-new-delhi-2-3-2-2\/#primaryimage\"},\"thumbnailUrl\":\"https:\/\/citizen-entrepreneurs.com\/wp-content\/uploads\/2024\/06\/Jury-14-mai-2024-1.jpeg\",\"articleSection\":[\"Actualit\u00e9\",\"G20YEA\"],\"inLanguage\":\"en-US\"},{\"@type\":\"WebPage\",\"@id\":\"https:\/\/citizen-entrepreneurs.com\/index.php\/2024\/06\/24\/citizen-entrepreneurs-annonce-la-delegation-francaise-du-prochain-g20-des-jeunes-entrepreneurs-a-new-delhi-2-3-2-2\/\",\"url\":\"https:\/\/citizen-entrepreneurs.com\/index.php\/2024\/06\/24\/citizen-entrepreneurs-annonce-la-delegation-francaise-du-prochain-g20-des-jeunes-entrepreneurs-a-new-delhi-2-3-2-2\/\",\"name\":\"La D\u00e9l\u00e9gation fran\u00e7aise G20 YEA 2024 - Citizen-entrepreneurs\",\"isPartOf\":{\"@id\":\"https:\/\/citizen-entrepreneurs.com\/#website\"},\"primaryImageOfPage\":{\"@id\":\"https:\/\/citizen-entrepreneurs.com\/index.php\/2024\/06\/24\/citizen-entrepreneurs-annonce-la-delegation-francaise-du-prochain-g20-des-jeunes-entrepreneurs-a-new-delhi-2-3-2-2\/#primaryimage\"},\"image\":{\"@id\":\"https:\/\/citizen-entrepreneurs.com\/index.php\/2024\/06\/24\/citizen-entrepreneurs-annonce-la-delegation-francaise-du-prochain-g20-des-jeunes-entrepreneurs-a-new-delhi-2-3-2-2\/#primaryimage\"},\"thumbnailUrl\":\"https:\/\/citizen-entrepreneurs.com\/wp-content\/uploads\/2024\/06\/Jury-14-mai-2024-1.jpeg\",\"datePublished\":\"2024-06-24T18:59:52+00:00\",\"dateModified\":\"2024-11-05T13:23:04+00:00\",\"author\":{\"@id\":\"https:\/\/citizen-entrepreneurs.com\/#\/schema\/person\/29031e7c72ed6166129689b09cba02b6\"},\"breadcrumb\":{\"@id\":\"https:\/\/citizen-entrepreneurs.com\/index.php\/2024\/06\/24\/citizen-entrepreneurs-annonce-la-delegation-francaise-du-prochain-g20-des-jeunes-entrepreneurs-a-new-delhi-2-3-2-2\/#breadcrumb\"},\"inLanguage\":\"en-US\",\"potentialAction\":[{\"@type\":\"ReadAction\",\"target\":[\"https:\/\/citizen-entrepreneurs.com\/index.php\/2024\/06\/24\/citizen-entrepreneurs-annonce-la-delegation-francaise-du-prochain-g20-des-jeunes-entrepreneurs-a-new-delhi-2-3-2-2\/\"]}]},{\"@type\":\"ImageObject\",\"inLanguage\":\"en-US\",\"@id\":\"https:\/\/citizen-entrepreneurs.com\/index.php\/2024\/06\/24\/citizen-entrepreneurs-annonce-la-delegation-francaise-du-prochain-g20-des-jeunes-entrepreneurs-a-new-delhi-2-3-2-2\/#primaryimage\",\"url\":\"https:\/\/citizen-entrepreneurs.com\/wp-content\/uploads\/2024\/06\/Jury-14-mai-2024-1.jpeg\",\"contentUrl\":\"https:\/\/citizen-entrepreneurs.com\/wp-content\/uploads\/2024\/06\/Jury-14-mai-2024-1.jpeg\",\"width\":1600,\"height\":968},{\"@type\":\"BreadcrumbList\",\"@id\":\"https:\/\/citizen-entrepreneurs.com\/index.php\/2024\/06\/24\/citizen-entrepreneurs-annonce-la-delegation-francaise-du-prochain-g20-des-jeunes-entrepreneurs-a-new-delhi-2-3-2-2\/#breadcrumb\",\"itemListElement\":[{\"@type\":\"ListItem\",\"position\":1,\"name\":\"Home\",\"item\":\"https:\/\/citizen-entrepreneurs.com\/\"},{\"@type\":\"ListItem\",\"position\":2,\"name\":\"La D\u00e9l\u00e9gation fran\u00e7aise G20 YEA 2024\"}]},{\"@type\":\"WebSite\",\"@id\":\"https:\/\/citizen-entrepreneurs.com\/#website\",\"url\":\"https:\/\/citizen-entrepreneurs.com\/\",\"name\":\"Citizen-entrepreneurs\",\"description\":\"\",\"potentialAction\":[{\"@type\":\"SearchAction\",\"target\":{\"@type\":\"EntryPoint\",\"urlTemplate\":\"https:\/\/citizen-entrepreneurs.com\/?s={search_term_string}\"},\"query-input\":{\"@type\":\"PropertyValueSpecification\",\"valueRequired\":true,\"valueName\":\"search_term_string\"}}],\"inLanguage\":\"en-US\"},{\"@type\":\"Person\",\"@id\":\"https:\/\/citizen-entrepreneurs.com\/#\/schema\/person\/29031e7c72ed6166129689b09cba02b6\",\"name\":\"admin\",\"sameAs\":[\"https:\/\/citizen-entrepreneurs.com\"],\"url\":\"https:\/\/citizen-entrepreneurs.com\/index.php\/author\/dev_b02n72fk\/\"}]}<\/script>\n<!-- \/ Yoast SEO plugin. -->","yoast_head_json":{"title":"La D\u00e9l\u00e9gation fran\u00e7aise G20 YEA 2024 - Citizen-entrepreneurs","robots":{"index":"index","follow":"follow","max-snippet":"max-snippet:-1","max-image-preview":"max-image-preview:large","max-video-preview":"max-video-preview:-1"},"canonical":"https:\/\/citizen-entrepreneurs.com\/index.php\/2024\/06\/24\/citizen-entrepreneurs-annonce-la-delegation-francaise-du-prochain-g20-des-jeunes-entrepreneurs-a-new-delhi-2-3-2-2\/","og_locale":"en_US","og_type":"article","og_title":"La D\u00e9l\u00e9gation fran\u00e7aise G20 YEA 2024 - Citizen-entrepreneurs","og_description":"&nbsp; L\u2019association Citizen Entrepreneurs a l\u2019immense plaisir de vous pr\u00e9senter les 16 p\u00e9pites de entrepreneuriat, membres de la D\u00e9l\u00e9gation qui a repr\u00e9sent\u00e9 la France au Sommet G20 (YEA) des Entrepreneurs\u00a02024, du 10 au 14 juin 2024, \u00e0 Goi\u00e2nia au Br\u00e9sil, autour de la th\u00e9matique \u00ab\u00a0Building a juste world and a sustainable planet\u00a0\u00bb, parmi plus de [&hellip;]","og_url":"https:\/\/citizen-entrepreneurs.com\/index.php\/2024\/06\/24\/citizen-entrepreneurs-annonce-la-delegation-francaise-du-prochain-g20-des-jeunes-entrepreneurs-a-new-delhi-2-3-2-2\/","og_site_name":"Citizen-entrepreneurs","article_published_time":"2024-06-24T18:59:52+00:00","article_modified_time":"2024-11-05T13:23:04+00:00","og_image":[{"width":1600,"height":968,"url":"https:\/\/citizen-entrepreneurs.com\/wp-content\/uploads\/2024\/06\/Jury-14-mai-2024-1.jpeg","type":"image\/jpeg"}],"author":"admin","twitter_card":"summary_large_image","twitter_misc":{"Written by":"admin","Est. reading time":"6 minutes"},"schema":{"@context":"https:\/\/schema.org","@graph":[{"@type":"Article","@id":"https:\/\/citizen-entrepreneurs.com\/index.php\/2024\/06\/24\/citizen-entrepreneurs-annonce-la-delegation-francaise-du-prochain-g20-des-jeunes-entrepreneurs-a-new-delhi-2-3-2-2\/#article","isPartOf":{"@id":"https:\/\/citizen-entrepreneurs.com\/index.php\/2024\/06\/24\/citizen-entrepreneurs-annonce-la-delegation-francaise-du-prochain-g20-des-jeunes-entrepreneurs-a-new-delhi-2-3-2-2\/"},"author":{"name":"admin","@id":"https:\/\/citizen-entrepreneurs.com\/#\/schema\/person\/29031e7c72ed6166129689b09cba02b6"},"headline":"La D\u00e9l\u00e9gation fran\u00e7aise G20 YEA 2024","datePublished":"2024-06-24T18:59:52+00:00","dateModified":"2024-11-05T13:23:04+00:00","mainEntityOfPage":{"@id":"https:\/\/citizen-entrepreneurs.com\/index.php\/2024\/06\/24\/citizen-entrepreneurs-annonce-la-delegation-francaise-du-prochain-g20-des-jeunes-entrepreneurs-a-new-delhi-2-3-2-2\/"},"wordCount":1155,"image":{"@id":"https:\/\/citizen-entrepreneurs.com\/index.php\/2024\/06\/24\/citizen-entrepreneurs-annonce-la-delegation-francaise-du-prochain-g20-des-jeunes-entrepreneurs-a-new-delhi-2-3-2-2\/#primaryimage"},"thumbnailUrl":"https:\/\/citizen-entrepreneurs.com\/wp-content\/uploads\/2024\/06\/Jury-14-mai-2024-1.jpeg","articleSection":["Actualit\u00e9","G20YEA"],"inLanguage":"en-US"},{"@type":"WebPage","@id":"https:\/\/citizen-entrepreneurs.com\/index.php\/2024\/06\/24\/citizen-entrepreneurs-annonce-la-delegation-francaise-du-prochain-g20-des-jeunes-entrepreneurs-a-new-delhi-2-3-2-2\/","url":"https:\/\/citizen-entrepreneurs.com\/index.php\/2024\/06\/24\/citizen-entrepreneurs-annonce-la-delegation-francaise-du-prochain-g20-des-jeunes-entrepreneurs-a-new-delhi-2-3-2-2\/","name":"La D\u00e9l\u00e9gation fran\u00e7aise G20 YEA 2024 - Citizen-entrepreneurs","isPartOf":{"@id":"https:\/\/citizen-entrepreneurs.com\/#website"},"primaryImageOfPage":{"@id":"https:\/\/citizen-entrepreneurs.com\/index.php\/2024\/06\/24\/citizen-entrepreneurs-annonce-la-delegation-francaise-du-prochain-g20-des-jeunes-entrepreneurs-a-new-delhi-2-3-2-2\/#primaryimage"},"image":{"@id":"https:\/\/citizen-entrepreneurs.com\/index.php\/2024\/06\/24\/citizen-entrepreneurs-annonce-la-delegation-francaise-du-prochain-g20-des-jeunes-entrepreneurs-a-new-delhi-2-3-2-2\/#primaryimage"},"thumbnailUrl":"https:\/\/citizen-entrepreneurs.com\/wp-content\/uploads\/2024\/06\/Jury-14-mai-2024-1.jpeg","datePublished":"2024-06-24T18:59:52+00:00","dateModified":"2024-11-05T13:23:04+00:00","author":{"@id":"https:\/\/citizen-entrepreneurs.com\/#\/schema\/person\/29031e7c72ed6166129689b09cba02b6"},"breadcrumb":{"@id":"https:\/\/citizen-entrepreneurs.com\/index.php\/2024\/06\/24\/citizen-entrepreneurs-annonce-la-delegation-francaise-du-prochain-g20-des-jeunes-entrepreneurs-a-new-delhi-2-3-2-2\/#breadcrumb"},"inLanguage":"en-US","potentialAction":[{"@type":"ReadAction","target":["https:\/\/citizen-entrepreneurs.com\/index.php\/2024\/06\/24\/citizen-entrepreneurs-annonce-la-delegation-francaise-du-prochain-g20-des-jeunes-entrepreneurs-a-new-delhi-2-3-2-2\/"]}]},{"@type":"ImageObject","inLanguage":"en-US","@id":"https:\/\/citizen-entrepreneurs.com\/index.php\/2024\/06\/24\/citizen-entrepreneurs-annonce-la-delegation-francaise-du-prochain-g20-des-jeunes-entrepreneurs-a-new-delhi-2-3-2-2\/#primaryimage","url":"https:\/\/citizen-entrepreneurs.com\/wp-content\/uploads\/2024\/06\/Jury-14-mai-2024-1.jpeg","contentUrl":"https:\/\/citizen-entrepreneurs.com\/wp-content\/uploads\/2024\/06\/Jury-14-mai-2024-1.jpeg","width":1600,"height":968},{"@type":"BreadcrumbList","@id":"https:\/\/citizen-entrepreneurs.com\/index.php\/2024\/06\/24\/citizen-entrepreneurs-annonce-la-delegation-francaise-du-prochain-g20-des-jeunes-entrepreneurs-a-new-delhi-2-3-2-2\/#breadcrumb","itemListElement":[{"@type":"ListItem","position":1,"name":"Home","item":"https:\/\/citizen-entrepreneurs.com\/"},{"@type":"ListItem","position":2,"name":"La D\u00e9l\u00e9gation fran\u00e7aise G20 YEA 2024"}]},{"@type":"WebSite","@id":"https:\/\/citizen-entrepreneurs.com\/#website","url":"https:\/\/citizen-entrepreneurs.com\/","name":"Citizen-entrepreneurs","description":"","potentialAction":[{"@type":"SearchAction","target":{"@type":"EntryPoint","urlTemplate":"https:\/\/citizen-entrepreneurs.com\/?s={search_term_string}"},"query-input":{"@type":"PropertyValueSpecification","valueRequired":true,"valueName":"search_term_string"}}],"inLanguage":"en-US"},{"@type":"Person","@id":"https:\/\/citizen-entrepreneurs.com\/#\/schema\/person\/29031e7c72ed6166129689b09cba02b6","name":"admin","sameAs":["https:\/\/citizen-entrepreneurs.com"],"url":"https:\/\/citizen-entrepreneurs.com\/index.php\/author\/dev_b02n72fk\/"}]}},"_links":{"self":[{"href":"https:\/\/citizen-entrepreneurs.com\/index.php\/wp-json\/wp\/v2\/posts\/6185","targetHints":{"allow":["GET"]}}],"collection":[{"href":"https:\/\/citizen-entrepreneurs.com\/index.php\/wp-json\/wp\/v2\/posts"}],"about":[{"href":"https:\/\/citizen-entrepreneurs.com\/index.php\/wp-json\/wp\/v2\/types\/post"}],"author":[{"embeddable":true,"href":"https:\/\/citizen-entrepreneurs.com\/index.php\/wp-json\/wp\/v2\/users\/1"}],"replies":[{"embeddable":true,"href":"https:\/\/citizen-entrepreneurs.com\/index.php\/wp-json\/wp\/v2\/comments?post=6185"}],"version-history":[{"count":2,"href":"https:\/\/citizen-entrepreneurs.com\/index.php\/wp-json\/wp\/v2\/posts\/6185\/revisions"}],"predecessor-version":[{"id":6515,"href":"https:\/\/citizen-entrepreneurs.com\/index.php\/wp-json\/wp\/v2\/posts\/6185\/revisions\/6515"}],"wp:featuredmedia":[{"embeddable":true,"href":"https:\/\/citizen-entrepreneurs.com\/index.php\/wp-json\/wp\/v2\/media\/6370"}],"wp:attachment":[{"href":"https:\/\/citizen-entrepreneurs.com\/index.php\/wp-json\/wp\/v2\/media?parent=6185"}],"wp:term":[{"taxonomy":"category","embeddable":true,"href":"https:\/\/citizen-entrepreneurs.com\/index.php\/wp-json\/wp\/v2\/categories?post=6185"},{"taxonomy":"post_tag","embeddable":true,"href":"https:\/\/citizen-entrepreneurs.com\/index.php\/wp-json\/wp\/v2\/tags?post=6185"}],"curies":[{"name":"wp","href":"https:\/\/api.w.org\/{rel}","templated":true}]}}