{"id":3502,"date":"2018-10-11T20:02:59","date_gmt":"2018-10-11T20:02:59","guid":{"rendered":"http:\/\/citizen.caansoft.com\/?p=1054"},"modified":"2024-09-16T07:43:50","modified_gmt":"2024-09-16T07:43:50","slug":"ouverture-des-inscriptions-a-la-conference-annuelle-des-entrepreneurs-2018","status":"publish","type":"post","link":"https:\/\/citizen-entrepreneurs.com\/index.php\/2018\/10\/11\/ouverture-des-inscriptions-a-la-conference-annuelle-des-entrepreneurs-2018\/","title":{"rendered":"Ouverture des inscriptions \u00e0 la Conf\u00e9rence Annuelle des Entrepreneurs 2018"},"content":{"rendered":"\r\n<h3 class=\"has-text-align-center wp-block-heading\">Lundi 26 novembre 2018,&nbsp;<strong>Citizen&nbsp;Entrepreneurs<\/strong>, en partenariat avec&nbsp;<strong>100&nbsp;000&nbsp;Entrepreneurs<\/strong>, organise la 11\u00e8me \u00e9dition de la<strong>&nbsp;Conf\u00e9rence<\/strong>&nbsp;<strong>Annuelle<\/strong>&nbsp;<strong>des<\/strong>&nbsp;<strong>Entrepreneurs<\/strong><\/h3>\r\n\r\n\r\n\r\n<div style=\"height:30px\" aria-hidden=\"true\" class=\"wp-block-spacer\"><\/div>\r\n\r\n\r\n\r\n<p>Au programme :&nbsp;La r\u00e9volution de l\u2019\u00e9ducation et de la formation pour conqu\u00e9rir le 21\u00e8me&nbsp;si\u00e8cle.&nbsp; Le sujet a \u00e9t\u00e9 au c\u0153ur du Sommet du G20 des Jeunes Entrepreneurs \u00e0 Buenos&nbsp;Aires o\u00f9 Citizen&nbsp;Entrepreneurs a repr\u00e9sent\u00e9&nbsp;la France les 20 &amp; 21 septembre.<\/p>\r\n\r\n\r\n\r\n<p>Pr\u00e8s de&nbsp;<strong>30 intervenants<\/strong>&nbsp;issus du monde entrepreneurial, acad\u00e9mique et politique, dont les&nbsp;<strong>Ministres<\/strong>&nbsp;de l\u2019Education, du Travail, et de l\u2019Economie et des Finances,&nbsp;vont se succ\u00e9der tout au long de cette journ\u00e9e pour d\u00e9battre&nbsp;du lien entre \u00e9ducation et entreprise&nbsp;et de l\u2019importance de se former tout au long de sa&nbsp;vie dans un monde qui&nbsp;ne cesse de bouger.<\/p>\r\n\r\n\r\n\r\n<p>Cette journ\u00e9e sera l\u2019occasion pour&nbsp;les membres de la d\u00e9l\u00e9gation fran\u00e7aise du G20 des Jeunes Entrepreneurs de Buenos Aires de<strong>&nbsp;remettre au Gouvernement fran\u00e7ais leurs recommandations<\/strong>&nbsp;en faveur de la croissance, de l\u2019innovation, de la cr\u00e9ation d\u2019emplois et du changement social via l\u2019entrepreneuriat.<\/p>\r\n\r\n\r\n\r\n<p>Nous attendons d\u2019ores et d\u00e9j\u00e0 plus de 400 participants&nbsp;auxquels s\u2019ajouteront plusieurs classes de lyc\u00e9ens qui viendront dialoguer avec les intervenants. Une belle opportunit\u00e9 d\u2019\u00e9changes !<\/p>\r\n\r\n\r\n\r\n<h3 class=\"has-text-align-center wp-block-heading\">Nous vous attendons donc nombreux le&nbsp;<strong>lundi 26&nbsp;novembre 2018, d\u00e8s 8h00&nbsp;<\/strong>\u00e0&nbsp;<strong>Bercy, Minist\u00e8re de l\u2019Economie et des Finances<\/strong>&nbsp;\u2013 139 Rue de Bercy, 75012&nbsp;Paris.<\/h3>\r\n\r\n\r\n\r\n<div style=\"height:50px\" aria-hidden=\"true\" class=\"wp-block-spacer\"><\/div>\r\n\r\n\r\n\r\n<div class=\"wp-block-buttons aligncenter is-layout-flex wp-block-buttons-is-layout-flex\">\r\n<div class=\"wp-block-button default\"><a class=\"wp-block-button__link\" href=\"http:\/\/citizen.caansoft.com\/wp-content\/uploads\/2020\/11\/Programme_CAE_1511.pdf\" style=\"border-radius:8px\" target=\"_blank\" rel=\"noreferrer noopener\">T\u00e9l\u00e9chargez le programme<\/a><\/div>\r\n\r\n\r\n\r\n<div class=\"wp-block-button default\"><a class=\"wp-block-button__link\" href=\"https:\/\/www.pscp.tv\/w\/1yNGaOyEqzvxj?t=95\" style=\"border-radius:8px\" target=\"_blank\" rel=\"noreferrer noopener\">Voir la conference en video<\/a><\/div>\r\n<\/div>\r\n\r\n\r\n\r\n<div style=\"height:30px\" aria-hidden=\"true\" class=\"wp-block-spacer\"><\/div>\r\n\r\n\r\n\r\n<div class=\"wp-block-image\"><figure class=\"aligncenter size-large\"><img decoding=\"async\" src=\"http:\/\/citizen.caansoft.com\/wp-content\/uploads\/2020\/11\/Bandeau-bas-G20YEA-e1539246190241.png\" alt=\"\" class=\"wp-image-1141\"\/><\/figure><\/div>\r\n","protected":false},"excerpt":{"rendered":"<p>Lundi 26 novembre 2018,&nbsp;Citizen&nbsp;Entrepreneurs, en partenariat avec&nbsp;100&nbsp;000&nbsp;Entrepreneurs, organise la 11\u00e8me \u00e9dition de la&nbsp;Conf\u00e9rence&nbsp;Annuelle&nbsp;des&nbsp;Entrepreneurs Au programme :&nbsp;La r\u00e9volution de l\u2019\u00e9ducation et de la formation pour conqu\u00e9rir le 21\u00e8me&nbsp;si\u00e8cle.&nbsp; Le sujet a \u00e9t\u00e9 au c\u0153ur du Sommet du G20 des Jeunes Entrepreneurs \u00e0 Buenos&nbsp;Aires o\u00f9 Citizen&nbsp;Entrepreneurs a repr\u00e9sent\u00e9&nbsp;la France les 20 &amp; 21 septembre. Pr\u00e8s de&nbsp;30 intervenants&nbsp;issus [&hellip;]<\/p>\n","protected":false},"author":2,"featured_media":7194,"comment_status":"closed","ping_status":"closed","sticky":false,"template":"","format":"standard","meta":{"_acf_changed":false,"footnotes":""},"categories":[7],"tags":[],"class_list":["post-3502","post","type-post","status-publish","format-standard","has-post-thumbnail","hentry","category-cae"],"acf":[],"yoast_head":"<!-- This site is optimized with the Yoast SEO plugin v27.2 - https:\/\/yoast.com\/product\/yoast-seo-wordpress\/ -->\n<title>Ouverture des inscriptions \u00e0 la Conf\u00e9rence Annuelle des Entrepreneurs 2018 - Citizen-entrepreneurs<\/title>\n<meta name=\"robots\" content=\"index, follow, max-snippet:-1, max-image-preview:large, max-video-preview:-1\" \/>\n<link rel=\"canonical\" href=\"https:\/\/citizen-entrepreneurs.com\/index.php\/2018\/10\/11\/ouverture-des-inscriptions-a-la-conference-annuelle-des-entrepreneurs-2018\/\" \/>\n<meta property=\"og:locale\" content=\"en_US\" \/>\n<meta property=\"og:type\" content=\"article\" \/>\n<meta property=\"og:title\" content=\"Ouverture des inscriptions \u00e0 la Conf\u00e9rence Annuelle des Entrepreneurs 2018 - Citizen-entrepreneurs\" \/>\n<meta property=\"og:description\" content=\"Lundi 26 novembre 2018,&nbsp;Citizen&nbsp;Entrepreneurs, en partenariat avec&nbsp;100&nbsp;000&nbsp;Entrepreneurs, organise la 11\u00e8me \u00e9dition de la&nbsp;Conf\u00e9rence&nbsp;Annuelle&nbsp;des&nbsp;Entrepreneurs Au programme :&nbsp;La r\u00e9volution de l\u2019\u00e9ducation et de la formation pour conqu\u00e9rir le 21\u00e8me&nbsp;si\u00e8cle.&nbsp; Le sujet a \u00e9t\u00e9 au c\u0153ur du Sommet du G20 des Jeunes Entrepreneurs \u00e0 Buenos&nbsp;Aires o\u00f9 Citizen&nbsp;Entrepreneurs a repr\u00e9sent\u00e9&nbsp;la France les 20 &amp; 21 septembre. Pr\u00e8s de&nbsp;30 intervenants&nbsp;issus [&hellip;]\" \/>\n<meta property=\"og:url\" content=\"https:\/\/citizen-entrepreneurs.com\/index.php\/2018\/10\/11\/ouverture-des-inscriptions-a-la-conference-annuelle-des-entrepreneurs-2018\/\" \/>\n<meta property=\"og:site_name\" content=\"Citizen-entrepreneurs\" \/>\n<meta property=\"article:published_time\" content=\"2018-10-11T20:02:59+00:00\" \/>\n<meta property=\"article:modified_time\" content=\"2024-09-16T07:43:50+00:00\" \/>\n<meta property=\"og:image\" content=\"https:\/\/citizen-entrepreneurs.com\/wp-content\/uploads\/2018\/10\/Capture-1-e1539184322440.png\" \/>\n\t<meta property=\"og:image:width\" content=\"568\" \/>\n\t<meta property=\"og:image:height\" content=\"479\" \/>\n\t<meta property=\"og:image:type\" content=\"image\/png\" \/>\n<meta name=\"author\" content=\"Anouer Kallel\" \/>\n<meta name=\"twitter:card\" content=\"summary_large_image\" \/>\n<meta name=\"twitter:label1\" content=\"Written by\" \/>\n\t<meta name=\"twitter:data1\" content=\"Anouer Kallel\" \/>\n\t<meta name=\"twitter:label2\" content=\"Est. reading time\" \/>\n\t<meta name=\"twitter:data2\" content=\"1 minute\" \/>\n<script type=\"application\/ld+json\" class=\"yoast-schema-graph\">{\"@context\":\"https:\/\/schema.org\",\"@graph\":[{\"@type\":\"Article\",\"@id\":\"https:\/\/citizen-entrepreneurs.com\/index.php\/2018\/10\/11\/ouverture-des-inscriptions-a-la-conference-annuelle-des-entrepreneurs-2018\/#article\",\"isPartOf\":{\"@id\":\"https:\/\/citizen-entrepreneurs.com\/index.php\/2018\/10\/11\/ouverture-des-inscriptions-a-la-conference-annuelle-des-entrepreneurs-2018\/\"},\"author\":{\"name\":\"Anouer Kallel\",\"@id\":\"https:\/\/citizen-entrepreneurs.com\/#\/schema\/person\/085f30590e85b75c807e189e31b928a5\"},\"headline\":\"Ouverture des inscriptions \u00e0 la Conf\u00e9rence Annuelle des Entrepreneurs 2018\",\"datePublished\":\"2018-10-11T20:02:59+00:00\",\"dateModified\":\"2024-09-16T07:43:50+00:00\",\"mainEntityOfPage\":{\"@id\":\"https:\/\/citizen-entrepreneurs.com\/index.php\/2018\/10\/11\/ouverture-des-inscriptions-a-la-conference-annuelle-des-entrepreneurs-2018\/\"},\"wordCount\":292,\"image\":{\"@id\":\"https:\/\/citizen-entrepreneurs.com\/index.php\/2018\/10\/11\/ouverture-des-inscriptions-a-la-conference-annuelle-des-entrepreneurs-2018\/#primaryimage\"},\"thumbnailUrl\":\"https:\/\/citizen-entrepreneurs.com\/wp-content\/uploads\/2018\/10\/Capture-1-e1539184322440.png\",\"articleSection\":[\"CAE\"],\"inLanguage\":\"en-US\"},{\"@type\":\"WebPage\",\"@id\":\"https:\/\/citizen-entrepreneurs.com\/index.php\/2018\/10\/11\/ouverture-des-inscriptions-a-la-conference-annuelle-des-entrepreneurs-2018\/\",\"url\":\"https:\/\/citizen-entrepreneurs.com\/index.php\/2018\/10\/11\/ouverture-des-inscriptions-a-la-conference-annuelle-des-entrepreneurs-2018\/\",\"name\":\"Ouverture des inscriptions \u00e0 la Conf\u00e9rence Annuelle des Entrepreneurs 2018 - Citizen-entrepreneurs\",\"isPartOf\":{\"@id\":\"https:\/\/citizen-entrepreneurs.com\/#website\"},\"primaryImageOfPage\":{\"@id\":\"https:\/\/citizen-entrepreneurs.com\/index.php\/2018\/10\/11\/ouverture-des-inscriptions-a-la-conference-annuelle-des-entrepreneurs-2018\/#primaryimage\"},\"image\":{\"@id\":\"https:\/\/citizen-entrepreneurs.com\/index.php\/2018\/10\/11\/ouverture-des-inscriptions-a-la-conference-annuelle-des-entrepreneurs-2018\/#primaryimage\"},\"thumbnailUrl\":\"https:\/\/citizen-entrepreneurs.com\/wp-content\/uploads\/2018\/10\/Capture-1-e1539184322440.png\",\"datePublished\":\"2018-10-11T20:02:59+00:00\",\"dateModified\":\"2024-09-16T07:43:50+00:00\",\"author\":{\"@id\":\"https:\/\/citizen-entrepreneurs.com\/#\/schema\/person\/085f30590e85b75c807e189e31b928a5\"},\"breadcrumb\":{\"@id\":\"https:\/\/citizen-entrepreneurs.com\/index.php\/2018\/10\/11\/ouverture-des-inscriptions-a-la-conference-annuelle-des-entrepreneurs-2018\/#breadcrumb\"},\"inLanguage\":\"en-US\",\"potentialAction\":[{\"@type\":\"ReadAction\",\"target\":[\"https:\/\/citizen-entrepreneurs.com\/index.php\/2018\/10\/11\/ouverture-des-inscriptions-a-la-conference-annuelle-des-entrepreneurs-2018\/\"]}]},{\"@type\":\"ImageObject\",\"inLanguage\":\"en-US\",\"@id\":\"https:\/\/citizen-entrepreneurs.com\/index.php\/2018\/10\/11\/ouverture-des-inscriptions-a-la-conference-annuelle-des-entrepreneurs-2018\/#primaryimage\",\"url\":\"https:\/\/citizen-entrepreneurs.com\/wp-content\/uploads\/2018\/10\/Capture-1-e1539184322440.png\",\"contentUrl\":\"https:\/\/citizen-entrepreneurs.com\/wp-content\/uploads\/2018\/10\/Capture-1-e1539184322440.png\",\"width\":568,\"height\":479},{\"@type\":\"BreadcrumbList\",\"@id\":\"https:\/\/citizen-entrepreneurs.com\/index.php\/2018\/10\/11\/ouverture-des-inscriptions-a-la-conference-annuelle-des-entrepreneurs-2018\/#breadcrumb\",\"itemListElement\":[{\"@type\":\"ListItem\",\"position\":1,\"name\":\"Home\",\"item\":\"https:\/\/citizen-entrepreneurs.com\/\"},{\"@type\":\"ListItem\",\"position\":2,\"name\":\"Ouverture des inscriptions \u00e0 la Conf\u00e9rence Annuelle des Entrepreneurs 2018\"}]},{\"@type\":\"WebSite\",\"@id\":\"https:\/\/citizen-entrepreneurs.com\/#website\",\"url\":\"https:\/\/citizen-entrepreneurs.com\/\",\"name\":\"Citizen-entrepreneurs\",\"description\":\"\",\"potentialAction\":[{\"@type\":\"SearchAction\",\"target\":{\"@type\":\"EntryPoint\",\"urlTemplate\":\"https:\/\/citizen-entrepreneurs.com\/?s={search_term_string}\"},\"query-input\":{\"@type\":\"PropertyValueSpecification\",\"valueRequired\":true,\"valueName\":\"search_term_string\"}}],\"inLanguage\":\"en-US\"},{\"@type\":\"Person\",\"@id\":\"https:\/\/citizen-entrepreneurs.com\/#\/schema\/person\/085f30590e85b75c807e189e31b928a5\",\"name\":\"Anouer Kallel\",\"url\":\"https:\/\/citizen-entrepreneurs.com\/index.php\/author\/anouer-kallel\/\"}]}<\/script>\n<!-- \/ Yoast SEO plugin. -->","yoast_head_json":{"title":"Ouverture des inscriptions \u00e0 la Conf\u00e9rence Annuelle des Entrepreneurs 2018 - Citizen-entrepreneurs","robots":{"index":"index","follow":"follow","max-snippet":"max-snippet:-1","max-image-preview":"max-image-preview:large","max-video-preview":"max-video-preview:-1"},"canonical":"https:\/\/citizen-entrepreneurs.com\/index.php\/2018\/10\/11\/ouverture-des-inscriptions-a-la-conference-annuelle-des-entrepreneurs-2018\/","og_locale":"en_US","og_type":"article","og_title":"Ouverture des inscriptions \u00e0 la Conf\u00e9rence Annuelle des Entrepreneurs 2018 - Citizen-entrepreneurs","og_description":"Lundi 26 novembre 2018,&nbsp;Citizen&nbsp;Entrepreneurs, en partenariat avec&nbsp;100&nbsp;000&nbsp;Entrepreneurs, organise la 11\u00e8me \u00e9dition de la&nbsp;Conf\u00e9rence&nbsp;Annuelle&nbsp;des&nbsp;Entrepreneurs Au programme :&nbsp;La r\u00e9volution de l\u2019\u00e9ducation et de la formation pour conqu\u00e9rir le 21\u00e8me&nbsp;si\u00e8cle.&nbsp; Le sujet a \u00e9t\u00e9 au c\u0153ur du Sommet du G20 des Jeunes Entrepreneurs \u00e0 Buenos&nbsp;Aires o\u00f9 Citizen&nbsp;Entrepreneurs a repr\u00e9sent\u00e9&nbsp;la France les 20 &amp; 21 septembre. Pr\u00e8s de&nbsp;30 intervenants&nbsp;issus [&hellip;]","og_url":"https:\/\/citizen-entrepreneurs.com\/index.php\/2018\/10\/11\/ouverture-des-inscriptions-a-la-conference-annuelle-des-entrepreneurs-2018\/","og_site_name":"Citizen-entrepreneurs","article_published_time":"2018-10-11T20:02:59+00:00","article_modified_time":"2024-09-16T07:43:50+00:00","og_image":[{"width":568,"height":479,"url":"https:\/\/citizen-entrepreneurs.com\/wp-content\/uploads\/2018\/10\/Capture-1-e1539184322440.png","type":"image\/png"}],"author":"Anouer Kallel","twitter_card":"summary_large_image","twitter_misc":{"Written by":"Anouer Kallel","Est. reading time":"1 minute"},"schema":{"@context":"https:\/\/schema.org","@graph":[{"@type":"Article","@id":"https:\/\/citizen-entrepreneurs.com\/index.php\/2018\/10\/11\/ouverture-des-inscriptions-a-la-conference-annuelle-des-entrepreneurs-2018\/#article","isPartOf":{"@id":"https:\/\/citizen-entrepreneurs.com\/index.php\/2018\/10\/11\/ouverture-des-inscriptions-a-la-conference-annuelle-des-entrepreneurs-2018\/"},"author":{"name":"Anouer Kallel","@id":"https:\/\/citizen-entrepreneurs.com\/#\/schema\/person\/085f30590e85b75c807e189e31b928a5"},"headline":"Ouverture des inscriptions \u00e0 la Conf\u00e9rence Annuelle des Entrepreneurs 2018","datePublished":"2018-10-11T20:02:59+00:00","dateModified":"2024-09-16T07:43:50+00:00","mainEntityOfPage":{"@id":"https:\/\/citizen-entrepreneurs.com\/index.php\/2018\/10\/11\/ouverture-des-inscriptions-a-la-conference-annuelle-des-entrepreneurs-2018\/"},"wordCount":292,"image":{"@id":"https:\/\/citizen-entrepreneurs.com\/index.php\/2018\/10\/11\/ouverture-des-inscriptions-a-la-conference-annuelle-des-entrepreneurs-2018\/#primaryimage"},"thumbnailUrl":"https:\/\/citizen-entrepreneurs.com\/wp-content\/uploads\/2018\/10\/Capture-1-e1539184322440.png","articleSection":["CAE"],"inLanguage":"en-US"},{"@type":"WebPage","@id":"https:\/\/citizen-entrepreneurs.com\/index.php\/2018\/10\/11\/ouverture-des-inscriptions-a-la-conference-annuelle-des-entrepreneurs-2018\/","url":"https:\/\/citizen-entrepreneurs.com\/index.php\/2018\/10\/11\/ouverture-des-inscriptions-a-la-conference-annuelle-des-entrepreneurs-2018\/","name":"Ouverture des inscriptions \u00e0 la Conf\u00e9rence Annuelle des Entrepreneurs 2018 - Citizen-entrepreneurs","isPartOf":{"@id":"https:\/\/citizen-entrepreneurs.com\/#website"},"primaryImageOfPage":{"@id":"https:\/\/citizen-entrepreneurs.com\/index.php\/2018\/10\/11\/ouverture-des-inscriptions-a-la-conference-annuelle-des-entrepreneurs-2018\/#primaryimage"},"image":{"@id":"https:\/\/citizen-entrepreneurs.com\/index.php\/2018\/10\/11\/ouverture-des-inscriptions-a-la-conference-annuelle-des-entrepreneurs-2018\/#primaryimage"},"thumbnailUrl":"https:\/\/citizen-entrepreneurs.com\/wp-content\/uploads\/2018\/10\/Capture-1-e1539184322440.png","datePublished":"2018-10-11T20:02:59+00:00","dateModified":"2024-09-16T07:43:50+00:00","author":{"@id":"https:\/\/citizen-entrepreneurs.com\/#\/schema\/person\/085f30590e85b75c807e189e31b928a5"},"breadcrumb":{"@id":"https:\/\/citizen-entrepreneurs.com\/index.php\/2018\/10\/11\/ouverture-des-inscriptions-a-la-conference-annuelle-des-entrepreneurs-2018\/#breadcrumb"},"inLanguage":"en-US","potentialAction":[{"@type":"ReadAction","target":["https:\/\/citizen-entrepreneurs.com\/index.php\/2018\/10\/11\/ouverture-des-inscriptions-a-la-conference-annuelle-des-entrepreneurs-2018\/"]}]},{"@type":"ImageObject","inLanguage":"en-US","@id":"https:\/\/citizen-entrepreneurs.com\/index.php\/2018\/10\/11\/ouverture-des-inscriptions-a-la-conference-annuelle-des-entrepreneurs-2018\/#primaryimage","url":"https:\/\/citizen-entrepreneurs.com\/wp-content\/uploads\/2018\/10\/Capture-1-e1539184322440.png","contentUrl":"https:\/\/citizen-entrepreneurs.com\/wp-content\/uploads\/2018\/10\/Capture-1-e1539184322440.png","width":568,"height":479},{"@type":"BreadcrumbList","@id":"https:\/\/citizen-entrepreneurs.com\/index.php\/2018\/10\/11\/ouverture-des-inscriptions-a-la-conference-annuelle-des-entrepreneurs-2018\/#breadcrumb","itemListElement":[{"@type":"ListItem","position":1,"name":"Home","item":"https:\/\/citizen-entrepreneurs.com\/"},{"@type":"ListItem","position":2,"name":"Ouverture des inscriptions \u00e0 la Conf\u00e9rence Annuelle des Entrepreneurs 2018"}]},{"@type":"WebSite","@id":"https:\/\/citizen-entrepreneurs.com\/#website","url":"https:\/\/citizen-entrepreneurs.com\/","name":"Citizen-entrepreneurs","description":"","potentialAction":[{"@type":"SearchAction","target":{"@type":"EntryPoint","urlTemplate":"https:\/\/citizen-entrepreneurs.com\/?s={search_term_string}"},"query-input":{"@type":"PropertyValueSpecification","valueRequired":true,"valueName":"search_term_string"}}],"inLanguage":"en-US"},{"@type":"Person","@id":"https:\/\/citizen-entrepreneurs.com\/#\/schema\/person\/085f30590e85b75c807e189e31b928a5","name":"Anouer Kallel","url":"https:\/\/citizen-entrepreneurs.com\/index.php\/author\/anouer-kallel\/"}]}},"_links":{"self":[{"href":"https:\/\/citizen-entrepreneurs.com\/index.php\/wp-json\/wp\/v2\/posts\/3502","targetHints":{"allow":["GET"]}}],"collection":[{"href":"https:\/\/citizen-entrepreneurs.com\/index.php\/wp-json\/wp\/v2\/posts"}],"about":[{"href":"https:\/\/citizen-entrepreneurs.com\/index.php\/wp-json\/wp\/v2\/types\/post"}],"author":[{"embeddable":true,"href":"https:\/\/citizen-entrepreneurs.com\/index.php\/wp-json\/wp\/v2\/users\/2"}],"replies":[{"embeddable":true,"href":"https:\/\/citizen-entrepreneurs.com\/index.php\/wp-json\/wp\/v2\/comments?post=3502"}],"version-history":[{"count":2,"href":"https:\/\/citizen-entrepreneurs.com\/index.php\/wp-json\/wp\/v2\/posts\/3502\/revisions"}],"predecessor-version":[{"id":7195,"href":"https:\/\/citizen-entrepreneurs.com\/index.php\/wp-json\/wp\/v2\/posts\/3502\/revisions\/7195"}],"wp:featuredmedia":[{"embeddable":true,"href":"https:\/\/citizen-entrepreneurs.com\/index.php\/wp-json\/wp\/v2\/media\/7194"}],"wp:attachment":[{"href":"https:\/\/citizen-entrepreneurs.com\/index.php\/wp-json\/wp\/v2\/media?parent=3502"}],"wp:term":[{"taxonomy":"category","embeddable":true,"href":"https:\/\/citizen-entrepreneurs.com\/index.php\/wp-json\/wp\/v2\/categories?post=3502"},{"taxonomy":"post_tag","embeddable":true,"href":"https:\/\/citizen-entrepreneurs.com\/index.php\/wp-json\/wp\/v2\/tags?post=3502"}],"curies":[{"name":"wp","href":"https:\/\/api.w.org\/{rel}","templated":true}]}}